{"id":1422,"date":"2022-06-10T00:00:00","date_gmt":"2022-06-10T04:00:00","guid":{"rendered":"https:\/\/skymedia2.works\/cedel\/noticias\/estudio-buscara-caracterizar-las-relaciones-de-perros-callejeros-con-humanos-en-villarrica-y-temuco\/"},"modified":"2025-07-30T16:19:03","modified_gmt":"2025-07-30T20:19:03","slug":"estudio-buscara-caracterizar-las-relaciones-de-perros-callejeros-con-humanos-en-villarrica-y-temuco","status":"publish","type":"noticias","link":"https:\/\/centrodesarrollolocal.uc.cl\/en\/noticias\/estudio-buscara-caracterizar-las-relaciones-de-perros-callejeros-con-humanos-en-villarrica-y-temuco\/","title":{"rendered":"Estudio buscar\u00e1 caracterizar las relaciones de perros callejeros con humanos en Villarrica y Temuco"},"content":{"rendered":"\n<figure class=\"wp-block-image size-large\"><img loading=\"lazy\" decoding=\"async\" width=\"1024\" height=\"576\" src=\"https:\/\/centrodesarrollolocal.uc.cl\/wp-content\/uploads\/2022\/11\/Perros-Callejeros-2-1-1024x576.jpg\" alt=\"\" class=\"wp-image-1070\" srcset=\"https:\/\/centrodesarrollolocal.uc.cl\/wp-content\/uploads\/2022\/11\/Perros-Callejeros-2-1-1024x576.jpg 1024w, https:\/\/centrodesarrollolocal.uc.cl\/wp-content\/uploads\/2022\/11\/Perros-Callejeros-2-1-300x169.jpg 300w, https:\/\/centrodesarrollolocal.uc.cl\/wp-content\/uploads\/2022\/11\/Perros-Callejeros-2-1-768x432.jpg 768w, https:\/\/centrodesarrollolocal.uc.cl\/wp-content\/uploads\/2022\/11\/Perros-Callejeros-2-1.jpg 1200w\" sizes=\"auto, (max-width: 1024px) 100vw, 1024px\" \/><\/figure>\n\n\n\n<p>\u00bfC\u00f3mo se relacionan los perros callejeros con su entorno inmediato? \u00bfexiste el desarrollo de una relaci\u00f3n parasocial con humanos? y \u00bfcu\u00e1les son las percepciones acerca de los perros callejeros que tienen distintas personas en estos entornos urbanos p\u00fablicos? Estas son algunas de las preguntas que buscar\u00e1 responder el acad\u00e9mico del Campus Villarrica de la UC e investigador del Centro UC de Desarrollo Local (CEDEL UC), Pelayo Benavides, a trav\u00e9s de una investigaci\u00f3n que tendr\u00e1 como objeto de estudio a perros callejeros de la ciudad de Villarrica y Temuco.<\/p>\n\n\n\n<p>El proyecto, denominado \u201cEstudio de relaciones humano-animal con perros callejeros en dos asentamientos urbanos de la IX Regi\u00f3n\u201d, corresponde a una iniciativa que cuenta con el FONDECYT de Iniciaci\u00f3n de Investigaci\u00f3n 2022 adjudicado en enero y tratar\u00e1 de caracterizar la relaci\u00f3n que estos animales han establecido con los habitantes de ambas ciudades.<\/p>\n\n\n\n<div style=\"height:30px\" aria-hidden=\"true\" class=\"wp-block-spacer\"><\/div>\n\n\n\n<h3 class=\"wp-block-heading\">3 millones y medio de perros callejeros<\/h3>\n\n\n\n<div style=\"height:20px\" aria-hidden=\"true\" class=\"wp-block-spacer\"><\/div>\n\n\n\n<p>Seg\u00fan el primer censo nacional de gatos y perros, realizado por la Escuela de Medicina Veterinaria UC en conjunto con la Subsecretar\u00eda de Desarrollo Regional y Administrativo (Subdere) y que public\u00f3 sus resultados en marzo de 2022, en Chile existen alrededor de 3 millones y medio de perros callejeros o \u201csin tutor\u201d, de un universo de casi 12 millones de canes en total.<\/p>\n\n\n\n<p>Esto permite asegurar, tal como se\u00f1ala Benavides, que \u201cla asociaci\u00f3n interespecies [perro- humano] ha hecho que los perros se encuentren entre los mam\u00edferos m\u00e1s exitosos en t\u00e9rminos de expansi\u00f3n y n\u00famero a nivel global\u201d.<\/p>\n\n\n\n<p>De esta manera, el estudio buscar\u00e1 analizar las interacciones de los perros callejeros con seres humanos, lo que incluye tambi\u00e9n a aquellos perros que habitan en casas y que tienen due\u00f1os, pero que durante el d\u00eda transitan por la calle.<\/p>\n\n\n\n<figure class=\"wp-block-image size-large\"><img loading=\"lazy\" decoding=\"async\" width=\"1024\" height=\"576\" src=\"https:\/\/centrodesarrollolocal.uc.cl\/wp-content\/uploads\/2022\/11\/Perros-Callejeros-3-1024x576.jpg\" alt=\"\" class=\"wp-image-1072\" srcset=\"https:\/\/centrodesarrollolocal.uc.cl\/wp-content\/uploads\/2022\/11\/Perros-Callejeros-3-1024x576.jpg 1024w, https:\/\/centrodesarrollolocal.uc.cl\/wp-content\/uploads\/2022\/11\/Perros-Callejeros-3-300x169.jpg 300w, https:\/\/centrodesarrollolocal.uc.cl\/wp-content\/uploads\/2022\/11\/Perros-Callejeros-3-768x432.jpg 768w, https:\/\/centrodesarrollolocal.uc.cl\/wp-content\/uploads\/2022\/11\/Perros-Callejeros-3.jpg 1200w\" sizes=\"auto, (max-width: 1024px) 100vw, 1024px\" \/><\/figure>\n\n\n\n<div style=\"height:30px\" aria-hidden=\"true\" class=\"wp-block-spacer\"><\/div>\n\n\n\n<h3 class=\"wp-block-heading\">Animales \u201csociales y sociables\u201d<\/h3>\n\n\n\n<div style=\"height:20px\" aria-hidden=\"true\" class=\"wp-block-spacer\"><\/div>\n\n\n\n<p>La realidad de los perros callejeros hoy por hoy, plantea un escenario complejo para el investigador. Seg\u00fan postula, los perros callejeros, dado el contexto que condiciona su supervivencia, expresan su naturaleza de animales sociales, interactuando de maneras m\u00faltiples con su entorno as\u00ed como con otros de su especie, y con otras especies, incluyendo a seres humanos.<\/p>\n\n\n\n<p>Actualmente, los perros callejeros se encuentran regulados bajo legislaciones que apuntan hacia el cuidado de los animales en general y a evitar situaciones de abuso y maltrato. Sin embargo, Benavides asegura que esta es una dimensi\u00f3n que no profundiza en su desarrollo como animales \u201csociales y sociables\u201d.<\/p>\n\n\n\n<p>\u201cEsto resulta fundamental para comprender las divisiones y organizaci\u00f3n establecidas por las personas respecto a los lugares que habitan estos perros, las maneras en que se forman relaciones mutuas con ellos, as\u00ed como respecto a la trama de relaciones sist\u00e9micas que cruzan los espacios urbanos seleccionados\u201d, indica.<\/p>\n\n\n\n<p>\u201cLa situaci\u00f3n de los perros a nivel mundial depende en buena medida de acciones humanas directas (\u2026) es necesario estudiar en profundidad dichas relaciones e interacciones fundantes con un \u00e9nfasis m\u00e1s espec\u00edfico desde la antropolog\u00eda social\u201d.<\/p>\n\n\n\n<div style=\"height:30px\" aria-hidden=\"true\" class=\"wp-block-spacer\"><\/div>\n\n\n\n<h3 class=\"wp-block-heading\">Comprender la coexistencia<\/h3>\n\n\n\n<div style=\"height:20px\" aria-hidden=\"true\" class=\"wp-block-spacer\"><\/div>\n\n\n\n<p>As\u00ed, durante esta primera etapa, el estudio analizar\u00e1 los principales puntos de concentraci\u00f3n de los perros callejeros en estos asentamientos urbanos, las razones detr\u00e1s de ello y las caracter\u00edsticas que rodean a estos grupos.<\/p>\n\n\n\n<p>\u201cCon el estudio se espera generar una base de informaci\u00f3n detallada sobre las micro-din\u00e1micas existentes entre humanos y perros callejeros, que permitan ayudar a comprender c\u00f3mo se comparten espacios entre especies\u201d, sentencia Benavides, \u201cas\u00ed como la naturaleza y caracter\u00edsticas de las relaciones establecidas entre humanos y perros callejeros en ciertos puntos espec\u00edficos y \u00e1reas m\u00e1s amplias del espacio p\u00fablico en Villarrica y Temuco\u201d.<\/p>\n","protected":false},"featured_media":1071,"template":"","meta":{"_acf_changed":false},"temas":[55,57],"class_list":["post-1422","noticias","type-noticias","status-publish","has-post-thumbnail","hentry","temas-sistemas-socio-ecologicos-en","temas-villarrica-en"],"acf":[],"yoast_head":"<!-- This site is optimized with the Yoast SEO plugin v24.6 - https:\/\/yoast.com\/wordpress\/plugins\/seo\/ -->\n<title>Estudio buscar\u00e1 caracterizar las relaciones de perros callejeros con humanos en Villarrica y Temuco<\/title>\n<meta name=\"description\" content=\"Ent\u00e9rate de las \u00faltimas novedades en el Centro UC de Desarrollo Local, entrevistas, columnas de opini\u00f3n y m\u00e1s.\" \/>\n<meta name=\"robots\" content=\"index, follow, max-snippet:-1, max-image-preview:large, max-video-preview:-1\" \/>\n<link rel=\"canonical\" href=\"https:\/\/centrodesarrollolocal.uc.cl\/en\/noticias\/estudio-buscara-caracterizar-las-relaciones-de-perros-callejeros-con-humanos-en-villarrica-y-temuco\/\" \/>\n<meta property=\"og:locale\" content=\"en_US\" \/>\n<meta property=\"og:type\" content=\"article\" \/>\n<meta property=\"og:title\" content=\"Estudio buscar\u00e1 caracterizar las relaciones de perros callejeros con humanos en Villarrica y Temuco\" \/>\n<meta property=\"og:description\" content=\"Ent\u00e9rate de las \u00faltimas novedades en el Centro UC de Desarrollo Local, entrevistas, columnas de opini\u00f3n y m\u00e1s.\" \/>\n<meta property=\"og:url\" content=\"https:\/\/centrodesarrollolocal.uc.cl\/en\/noticias\/estudio-buscara-caracterizar-las-relaciones-de-perros-callejeros-con-humanos-en-villarrica-y-temuco\/\" \/>\n<meta property=\"og:site_name\" content=\"Centro UC Desarrollo Local\" \/>\n<meta property=\"article:modified_time\" content=\"2025-07-30T20:19:03+00:00\" \/>\n<meta property=\"og:image\" content=\"https:\/\/centrodesarrollolocal.uc.cl\/wp-content\/uploads\/2022\/11\/Perros-Callejeros-2-1.jpg\" \/>\n\t<meta property=\"og:image:width\" content=\"1200\" \/>\n\t<meta property=\"og:image:height\" content=\"675\" \/>\n\t<meta property=\"og:image:type\" content=\"image\/jpeg\" \/>\n<meta name=\"twitter:card\" content=\"summary_large_image\" \/>\n<meta name=\"twitter:label1\" content=\"Est. reading time\" \/>\n\t<meta name=\"twitter:data1\" content=\"3 minutes\" \/>\n<script type=\"application\/ld+json\" class=\"yoast-schema-graph\">{\"@context\":\"https:\/\/schema.org\",\"@graph\":[{\"@type\":\"WebPage\",\"@id\":\"https:\/\/centrodesarrollolocal.uc.cl\/en\/noticias\/estudio-buscara-caracterizar-las-relaciones-de-perros-callejeros-con-humanos-en-villarrica-y-temuco\/\",\"url\":\"https:\/\/centrodesarrollolocal.uc.cl\/en\/noticias\/estudio-buscara-caracterizar-las-relaciones-de-perros-callejeros-con-humanos-en-villarrica-y-temuco\/\",\"name\":\"Estudio buscar\u00e1 caracterizar las relaciones de perros callejeros con humanos en Villarrica y Temuco\",\"isPartOf\":{\"@id\":\"https:\/\/centrodesarrollolocal.uc.cl\/#website\"},\"primaryImageOfPage\":{\"@id\":\"https:\/\/centrodesarrollolocal.uc.cl\/en\/noticias\/estudio-buscara-caracterizar-las-relaciones-de-perros-callejeros-con-humanos-en-villarrica-y-temuco\/#primaryimage\"},\"image\":{\"@id\":\"https:\/\/centrodesarrollolocal.uc.cl\/en\/noticias\/estudio-buscara-caracterizar-las-relaciones-de-perros-callejeros-con-humanos-en-villarrica-y-temuco\/#primaryimage\"},\"thumbnailUrl\":\"https:\/\/centrodesarrollolocal.uc.cl\/wp-content\/uploads\/2022\/11\/Perros-Callejeros-2-1.jpg\",\"datePublished\":\"2022-06-10T04:00:00+00:00\",\"dateModified\":\"2025-07-30T20:19:03+00:00\",\"description\":\"Ent\u00e9rate de las \u00faltimas novedades en el Centro UC de Desarrollo Local, entrevistas, columnas de opini\u00f3n y m\u00e1s.\",\"breadcrumb\":{\"@id\":\"https:\/\/centrodesarrollolocal.uc.cl\/en\/noticias\/estudio-buscara-caracterizar-las-relaciones-de-perros-callejeros-con-humanos-en-villarrica-y-temuco\/#breadcrumb\"},\"inLanguage\":\"en-US\",\"potentialAction\":[{\"@type\":\"ReadAction\",\"target\":[\"https:\/\/centrodesarrollolocal.uc.cl\/en\/noticias\/estudio-buscara-caracterizar-las-relaciones-de-perros-callejeros-con-humanos-en-villarrica-y-temuco\/\"]}]},{\"@type\":\"ImageObject\",\"inLanguage\":\"en-US\",\"@id\":\"https:\/\/centrodesarrollolocal.uc.cl\/en\/noticias\/estudio-buscara-caracterizar-las-relaciones-de-perros-callejeros-con-humanos-en-villarrica-y-temuco\/#primaryimage\",\"url\":\"https:\/\/centrodesarrollolocal.uc.cl\/wp-content\/uploads\/2022\/11\/Perros-Callejeros-2-1.jpg\",\"contentUrl\":\"https:\/\/centrodesarrollolocal.uc.cl\/wp-content\/uploads\/2022\/11\/Perros-Callejeros-2-1.jpg\",\"width\":1200,\"height\":675},{\"@type\":\"BreadcrumbList\",\"@id\":\"https:\/\/centrodesarrollolocal.uc.cl\/en\/noticias\/estudio-buscara-caracterizar-las-relaciones-de-perros-callejeros-con-humanos-en-villarrica-y-temuco\/#breadcrumb\",\"itemListElement\":[{\"@type\":\"ListItem\",\"position\":1,\"name\":\"Portada\",\"item\":\"https:\/\/centrodesarrollolocal.uc.cl\/\"},{\"@type\":\"ListItem\",\"position\":2,\"name\":\"Noticias\",\"item\":\"https:\/\/centrodesarrollolocal.uc.cl\/noticias\/\"},{\"@type\":\"ListItem\",\"position\":3,\"name\":\"Estudio buscar\u00e1 caracterizar las relaciones de perros callejeros con humanos en Villarrica y Temuco\"}]},{\"@type\":\"WebSite\",\"@id\":\"https:\/\/centrodesarrollolocal.uc.cl\/#website\",\"url\":\"https:\/\/centrodesarrollolocal.uc.cl\/\",\"name\":\"Centro UC Desarrollo Local\",\"description\":\"Creemos en la importancia de promover y facilitar la sustentabilidad local en una era global\",\"potentialAction\":[{\"@type\":\"SearchAction\",\"target\":{\"@type\":\"EntryPoint\",\"urlTemplate\":\"https:\/\/centrodesarrollolocal.uc.cl\/?s={search_term_string}\"},\"query-input\":{\"@type\":\"PropertyValueSpecification\",\"valueRequired\":true,\"valueName\":\"search_term_string\"}}],\"inLanguage\":\"en-US\"}]}<\/script>\n<!-- \/ Yoast SEO plugin. -->","yoast_head_json":{"title":"Estudio buscar\u00e1 caracterizar las relaciones de perros callejeros con humanos en Villarrica y Temuco","description":"Ent\u00e9rate de las \u00faltimas novedades en el Centro UC de Desarrollo Local, entrevistas, columnas de opini\u00f3n y m\u00e1s.","robots":{"index":"index","follow":"follow","max-snippet":"max-snippet:-1","max-image-preview":"max-image-preview:large","max-video-preview":"max-video-preview:-1"},"canonical":"https:\/\/centrodesarrollolocal.uc.cl\/en\/noticias\/estudio-buscara-caracterizar-las-relaciones-de-perros-callejeros-con-humanos-en-villarrica-y-temuco\/","og_locale":"en_US","og_type":"article","og_title":"Estudio buscar\u00e1 caracterizar las relaciones de perros callejeros con humanos en Villarrica y Temuco","og_description":"Ent\u00e9rate de las \u00faltimas novedades en el Centro UC de Desarrollo Local, entrevistas, columnas de opini\u00f3n y m\u00e1s.","og_url":"https:\/\/centrodesarrollolocal.uc.cl\/en\/noticias\/estudio-buscara-caracterizar-las-relaciones-de-perros-callejeros-con-humanos-en-villarrica-y-temuco\/","og_site_name":"Centro UC Desarrollo Local","article_modified_time":"2025-07-30T20:19:03+00:00","og_image":[{"width":1200,"height":675,"url":"https:\/\/centrodesarrollolocal.uc.cl\/wp-content\/uploads\/2022\/11\/Perros-Callejeros-2-1.jpg","type":"image\/jpeg"}],"twitter_card":"summary_large_image","twitter_misc":{"Est. reading time":"3 minutes"},"schema":{"@context":"https:\/\/schema.org","@graph":[{"@type":"WebPage","@id":"https:\/\/centrodesarrollolocal.uc.cl\/en\/noticias\/estudio-buscara-caracterizar-las-relaciones-de-perros-callejeros-con-humanos-en-villarrica-y-temuco\/","url":"https:\/\/centrodesarrollolocal.uc.cl\/en\/noticias\/estudio-buscara-caracterizar-las-relaciones-de-perros-callejeros-con-humanos-en-villarrica-y-temuco\/","name":"Estudio buscar\u00e1 caracterizar las relaciones de perros callejeros con humanos en Villarrica y Temuco","isPartOf":{"@id":"https:\/\/centrodesarrollolocal.uc.cl\/#website"},"primaryImageOfPage":{"@id":"https:\/\/centrodesarrollolocal.uc.cl\/en\/noticias\/estudio-buscara-caracterizar-las-relaciones-de-perros-callejeros-con-humanos-en-villarrica-y-temuco\/#primaryimage"},"image":{"@id":"https:\/\/centrodesarrollolocal.uc.cl\/en\/noticias\/estudio-buscara-caracterizar-las-relaciones-de-perros-callejeros-con-humanos-en-villarrica-y-temuco\/#primaryimage"},"thumbnailUrl":"https:\/\/centrodesarrollolocal.uc.cl\/wp-content\/uploads\/2022\/11\/Perros-Callejeros-2-1.jpg","datePublished":"2022-06-10T04:00:00+00:00","dateModified":"2025-07-30T20:19:03+00:00","description":"Ent\u00e9rate de las \u00faltimas novedades en el Centro UC de Desarrollo Local, entrevistas, columnas de opini\u00f3n y m\u00e1s.","breadcrumb":{"@id":"https:\/\/centrodesarrollolocal.uc.cl\/en\/noticias\/estudio-buscara-caracterizar-las-relaciones-de-perros-callejeros-con-humanos-en-villarrica-y-temuco\/#breadcrumb"},"inLanguage":"en-US","potentialAction":[{"@type":"ReadAction","target":["https:\/\/centrodesarrollolocal.uc.cl\/en\/noticias\/estudio-buscara-caracterizar-las-relaciones-de-perros-callejeros-con-humanos-en-villarrica-y-temuco\/"]}]},{"@type":"ImageObject","inLanguage":"en-US","@id":"https:\/\/centrodesarrollolocal.uc.cl\/en\/noticias\/estudio-buscara-caracterizar-las-relaciones-de-perros-callejeros-con-humanos-en-villarrica-y-temuco\/#primaryimage","url":"https:\/\/centrodesarrollolocal.uc.cl\/wp-content\/uploads\/2022\/11\/Perros-Callejeros-2-1.jpg","contentUrl":"https:\/\/centrodesarrollolocal.uc.cl\/wp-content\/uploads\/2022\/11\/Perros-Callejeros-2-1.jpg","width":1200,"height":675},{"@type":"BreadcrumbList","@id":"https:\/\/centrodesarrollolocal.uc.cl\/en\/noticias\/estudio-buscara-caracterizar-las-relaciones-de-perros-callejeros-con-humanos-en-villarrica-y-temuco\/#breadcrumb","itemListElement":[{"@type":"ListItem","position":1,"name":"Portada","item":"https:\/\/centrodesarrollolocal.uc.cl\/"},{"@type":"ListItem","position":2,"name":"Noticias","item":"https:\/\/centrodesarrollolocal.uc.cl\/noticias\/"},{"@type":"ListItem","position":3,"name":"Estudio buscar\u00e1 caracterizar las relaciones de perros callejeros con humanos en Villarrica y Temuco"}]},{"@type":"WebSite","@id":"https:\/\/centrodesarrollolocal.uc.cl\/#website","url":"https:\/\/centrodesarrollolocal.uc.cl\/","name":"Centro UC Desarrollo Local","description":"Creemos en la importancia de promover y facilitar la sustentabilidad local en una era global","potentialAction":[{"@type":"SearchAction","target":{"@type":"EntryPoint","urlTemplate":"https:\/\/centrodesarrollolocal.uc.cl\/?s={search_term_string}"},"query-input":{"@type":"PropertyValueSpecification","valueRequired":true,"valueName":"search_term_string"}}],"inLanguage":"en-US"}]}},"_links":{"self":[{"href":"https:\/\/centrodesarrollolocal.uc.cl\/en\/wp-json\/wp\/v2\/noticias\/1422","targetHints":{"allow":["GET"]}}],"collection":[{"href":"https:\/\/centrodesarrollolocal.uc.cl\/en\/wp-json\/wp\/v2\/noticias"}],"about":[{"href":"https:\/\/centrodesarrollolocal.uc.cl\/en\/wp-json\/wp\/v2\/types\/noticias"}],"wp:featuredmedia":[{"embeddable":true,"href":"https:\/\/centrodesarrollolocal.uc.cl\/en\/wp-json\/wp\/v2\/media\/1071"}],"wp:attachment":[{"href":"https:\/\/centrodesarrollolocal.uc.cl\/en\/wp-json\/wp\/v2\/media?parent=1422"}],"wp:term":[{"taxonomy":"temas","embeddable":true,"href":"https:\/\/centrodesarrollolocal.uc.cl\/en\/wp-json\/wp\/v2\/temas?post=1422"}],"curies":[{"name":"wp","href":"https:\/\/api.w.org\/{rel}","templated":true}]}}